{"id":16656,"date":"2021-11-26T19:28:30","date_gmt":"2021-11-26T19:28:30","guid":{"rendered":"https:\/\/www.re-check.ch\/wordpress\/?p=16656"},"modified":"2024-10-31T10:12:34","modified_gmt":"2024-10-31T10:12:34","slug":"function-creep-certificats-covid-19-03","status":"publish","type":"post","link":"https:\/\/www.re-check.ch\/fr\/function-creep-certificats-covid-19-03\/","title":{"rendered":"\u00abFunction creep\u00bb en mode pand\u00e9mique: l\u2019\u00e9trange cas des certificats Covid-19 (3\/3)"},"content":{"rendered":"\n<h5 class=\"wp-block-heading\">&nbsp;<\/h5>\n\n\n\n<h5 class=\"wp-block-heading\"><span style=\"color: #008faf;\">Analyse et commentaire<br>Catherine Riva, Serena Tinari \u2013 Re-Check.ch | Jannes van Roermund<br>Illustrations: Aleksandra Roth-Belkova<br><\/span><span style=\"color: #008faf;\">26 novembre 2021<br><\/span><\/h5>\n\n\n\n<p>Read the article in English (<a href=\"https:\/\/www.re-check.ch\/en\/function-creep-covid-19-certificates-03\/\" target=\"_blank\" rel=\"noopener noreferrer\">online<\/a>) Den Artikel auf Deutsch lesen (<a href=\"https:\/\/www.re-check.ch\/fr\/function-creep-covid-19-zertifikate-03\" target=\"_blank\" rel=\"noopener noreferrer\">online<\/a>)<\/p>\n\n\n\n<p><em>L\u2019utilisation du certificat Covid-19 est aujourd\u2019hui circonscrite \u00e0 des statuts li\u00e9s au coronavirus. Mais, comme le montrent nos recherches et les entretiens fouill\u00e9s que nous avons men\u00e9s avec des chercheurs sp\u00e9cialis\u00e9s, de puissants acteurs commerciaux et gouvernementaux ont h\u00e2te de transformer ce dispositif en portefeuille d\u2019identit\u00e9 num\u00e9rique (e-ID). Notre enqu\u00eate met en \u00e9vidence que ce glissement est en marche, et induit un profond changement de paradigme qui appelle un urgent d\u00e9bat de soci\u00e9t\u00e9. Malheureusement, celui-ci est \u00e9touff\u00e9 par le r\u00e9gime instaur\u00e9 au nom de la crise. Enfin, une exclusivit\u00e9 de Re-Check montre que les autorit\u00e9s suisses ne g\u00e8rent pas tout \u00e0 fait les donn\u00e9es sensibles des certificats COVID comme elles l\u2019affirment.<\/em><\/p>\n\n\n\n<p><em>&nbsp;<\/em><\/p>\n\n\n\n<div class=\"block-accordeon\">\n      <ul class=\"accordion\" data-accordion data-multi-expand=\"true\" data-allow-all-closed=\"true\">\n              \n        <li class=\"accordion-item\" data-accordion-item>\n          <a href=\"#\" class=\"accordion-title\"> Quel est le sujet?<\/a>\n          <div class=\"accordion-content\" data-tab-content>\n            <p><!-- wp:paragraph --><\/p>\n<p>De nombreux pays ont introduit un syst\u00e8me de certificats Covid-19 qui permet de voyager, mais aussi, souvent, de participer \u00e0 la vie en soci\u00e9t\u00e9, voire de travailler. Cette s\u00e9rie en trois parties, r\u00e9alis\u00e9e par Re-Check en collaboration avec le journaliste d\u2019investigation n\u00e9erlandais Jannes van Roermund, explore en profondeur le fonctionnement d\u2019un dispositif sans pr\u00e9c\u00e9dent qui lie donn\u00e9es m\u00e9dicales et libert\u00e9 de mouvement. Dans ce troisi\u00e8me \u00e9pisode, vous d\u00e9couvrirez l&rsquo;av\u00e8nement des cryptomonnaies \u00e9mises par les banques centrales, \u00e9galement connues sous le nom de \u00abcentral bank digital currency\u00bb ou CBDC, et leur lien avec l\u2019e-ID et les certificats Covid-19.<\/p>\n<p><!-- \/wp:paragraph --><\/p>\n          <\/div>\n        <\/li>\n        \n              \n        <li class=\"accordion-item\" data-accordion-item>\n          <a href=\"#\" class=\"accordion-title\"> Conclusions principales<\/a>\n          <div class=\"accordion-content\" data-tab-content>\n            <p>Comme souvent, une crise internationale est en train d\u2019acc\u00e9l\u00e9rer certaines transformations historiques r\u00e9volutionnaires. L&rsquo;av\u00e8nement de la monnaie num\u00e9rique est actuellement pouss\u00e9 par diff\u00e9rents acteurs publics et commerciaux. Associ\u00e9s \u00e0 l&rsquo;e-ID et \u00e0 une preuve de vaccination, ces syst\u00e8mes pourraient transformer notre soci\u00e9t\u00e9 pour de bon. Un grand d\u00e9bat public fait cruellement d\u00e9faut.<\/p>\n          <\/div>\n        <\/li>\n        \n          <\/ul>\n  <\/div>\n\n\n\n\n<p><span style=\"color: #ffffff;\"><mark style=\"background-color:rgba(0, 0, 0, 0)\" class=\"has-inline-color has-black-color\">Analyse et commentaire<\/mark><\/span><\/p>\n\n\n\n<p>Au cours des deux \u00e9pisodes pr\u00e9c\u00e9dents (<a href=\"https:\/\/www.re-check.ch\/fr\/function-creep-certificats-covid-19\/\" target=\"_blank\" rel=\"noopener noreferrer\">1<\/a>) (<a href=\"https:\/\/www.re-check.ch\/fr\/function-creep-certificats-covid-19-02\/\" target=\"_blank\" rel=\"noopener noreferrer\">2<\/a>), nous avons montr\u00e9 que le d\u00e9ploiement des certificats Covid-19 repr\u00e9sentait une fen\u00eatre d\u2019opportunit\u00e9 que de puissants groupes d\u2019int\u00e9r\u00eats cherchaient \u00e0 exploiter pour acc\u00e9l\u00e9rer l\u2019impl\u00e9mentation d\u2019un portefeuille (wallet) d\u2019identit\u00e9 num\u00e9rique (e-ID). Apr\u00e8s avoir d\u00e9crit le dispositif de lobbying qu\u2019ils ont d\u00e9ploy\u00e9 pour faire avancer leur agenda, il est temps de se pencher sur une cat\u00e9gorie d\u2019acteurs qui cherchent aussi \u00e0 prendre le train en marche: les banques centrales.<\/p>\n\n\n\n<h2 class=\"wp-block-heading\"><span style=\"color: #ffffff;\">Analyse et commentaire<\/span><\/h2>\n\n\n\n<h3 class=\"wp-block-heading\"><strong><span style=\"color: #b65043;\">Troisi\u00e8me \u00e9pisode: <\/span><span style=\"color: #008faf;\">L\u2019e-ID et les cryptomonnaies des banques centrales<\/span><\/strong><\/h3>\n\n\n\n<figure class=\"wp-block-image alignleft\"><a href=\"https:\/\/www.re-check.ch\/wp-content\/uploads\/2021\/11\/CIT-F.jpeg\"><img loading=\"lazy\" decoding=\"async\" width=\"400\" height=\"417\" src=\"https:\/\/www.re-check.ch\/wp-content\/uploads\/2021\/11\/CIT-F-400x417.jpeg\" alt=\"\" class=\"wp-image-16671\" srcset=\"https:\/\/www.re-check.ch\/wp-content\/uploads\/2021\/11\/CIT-F-400x417.jpeg 400w, https:\/\/www.re-check.ch\/wp-content\/uploads\/2021\/11\/CIT-F-287x300.jpeg 287w, https:\/\/www.re-check.ch\/wp-content\/uploads\/2021\/11\/CIT-F-981x1024.jpeg 981w, https:\/\/www.re-check.ch\/wp-content\/uploads\/2021\/11\/CIT-F-768x802.jpeg 768w, https:\/\/www.re-check.ch\/wp-content\/uploads\/2021\/11\/CIT-F-1472x1536.jpeg 1472w, https:\/\/www.re-check.ch\/wp-content\/uploads\/2021\/11\/CIT-F-1962x2048.jpeg 1962w, https:\/\/www.re-check.ch\/wp-content\/uploads\/2021\/11\/CIT-F-200x209.jpeg 200w, https:\/\/www.re-check.ch\/wp-content\/uploads\/2021\/11\/CIT-F-600x626.jpeg 600w, https:\/\/www.re-check.ch\/wp-content\/uploads\/2021\/11\/CIT-F-800x835.jpeg 800w, https:\/\/www.re-check.ch\/wp-content\/uploads\/2021\/11\/CIT-F-1200x1252.jpeg 1200w, https:\/\/www.re-check.ch\/wp-content\/uploads\/2021\/11\/CIT-F-1320x1378.jpeg 1320w\" sizes=\"(max-width: 400px) 100vw, 400px\" \/><\/a><\/figure>\n\n\n\n<p><span style=\"color: #ffffff;\">Analyse et commentaire<br><\/span><br><\/p>\n\n\n\n<p>L\u2019e-ID est au c\u0153ur d\u2019une transformation qui pour l\u2019instant \u00e9chappe largement \u00e0 l\u2019attention des citoyens, alors qu\u2019elle est en cours un peu partout dans le monde: l\u2019av\u00e8nement de monnaies num\u00e9riques \u00e9mises par les banques centrales, appel\u00e9es aussi \u00abcentral bank digital currency\u00bb (CBDC). Selon nombre d\u2019<a href=\"https:\/\/www.journaldunet.fr\/patrimoine\/guide-des-finances-personnelles\/1500403-cbdc-definition-euro-numerique-yuan-digital\/\" target=\"_blank\" rel=\"noopener noreferrer\">observateurs<\/a>, c\u2019est avant tout l\u2019acc\u00e9l\u00e9ration des projets financiers des GAFAM \u2013 l\u2019acronyme des g\u00e9ants du Web Google (Alphabet), Apple, Facebook (Meta), Amazon et Microsoft \u2013 , notamment le projet Diem (ex Libra) initi\u00e9 en 2019 par Facebook visant \u00e0 cr\u00e9er une cryptomonnaie stable adoss\u00e9e \u00e0 des devises, qui a pouss\u00e9 les banques centrales \u00e0 avancer dans cette direction.<\/p>\n\n\n\n<p>A terme, l\u2019<a href=\"https:\/\/www.estrepublicain.fr\/economie\/2021\/10\/30\/cryptomonnaies-les-etats-et-les-banques-s-y-mettent\" target=\"_blank\" rel=\"noopener noreferrer\">id\u00e9e<\/a> est de faire \u00e9voluer les devises actuelles en monnaies num\u00e9riques de banques centrales, pour contrer les cryptomonnaies comme le bitcoin, lanc\u00e9es dans un esprit libertaire pour prouver que les utilisateurs pouvaient se lib\u00e9rer des banques et instaurer un nouvel ordre mon\u00e9taire communautaire. L\u2019arriv\u00e9e d\u2019un euro num\u00e9rique d\u2019ici 2025 a ainsi \u00e9t\u00e9 <a href=\"https:\/\/www.businessinsider.fr\/comment-leuro-numerique-pourrait-tuer-certaines-cryptomonnaies-188579\" target=\"_blank\" rel=\"noopener noreferrer\">annonc\u00e9e<\/a> en septembre 2021.<\/p>\n\n\n\n<p>Les avantages en faveur des CBDC sont <a href=\"https:\/\/www.ecb.europa.eu\/press\/key\/date\/2021\/html\/ecb.sp211105~08781cb638.en.html\" target=\"_blank\" rel=\"noopener noreferrer\">pr\u00e9sent\u00e9s<\/a> comme importants, pratiques et d\u00e9sirables: r\u00e9duire les co\u00fbts, faciliter les paiements, lutter contre le blanchiment d\u2019argent et la corruption, passer \u00e0 une \u00e9conomie sans argent liquide et d\u00e9velopper l\u2019inclusion financi\u00e8re. Comme nous l\u2019avons vu au <a href=\"https:\/\/www.re-check.ch\/fr\/function-creep-certificats-covid-19-02\/)\" target=\"_blank\" rel=\"noopener noreferrer\">deuxi\u00e8me \u00e9pisode<\/a>, le terme d\u2019\u00abinclusion\u00bb est l\u00e0 aussi avanc\u00e9 comme un concept cl\u00e9 qui justifierait cette \u00e9volution.<\/p>\n\n\n\n<p>Mais le syst\u00e8me des CBDC a aussi une face sombre qui, allie contr\u00f4le, surveillance de masse et infantilisation de la population. Le c\u00e9l\u00e8bre lanceur d\u2019alerte Edward Snowden a <a href=\"https:\/\/edwardsnowden.substack.com\/p\/cbdcs\" target=\"_blank\" rel=\"noopener noreferrer\">r\u00e9sum\u00e9<\/a> le probl\u00e8me ainsi: \u00abLa CBDC est quelque chose de plus proche d\u2019une perversion de la cryptomonnaie, ou du moins des principes et protocoles fondateurs de la cryptomonnaie \u2013 une monnaie cryptofasciste, un jumeau mal\u00e9fique [&#8230;], express\u00e9ment con\u00e7u pour refuser \u00e0 ses utilisateurs la propri\u00e9t\u00e9 fondamentale de leur argent et pour installer l\u2019Etat au centre m\u00e9diateur de chaque transaction.\u00bb<\/p>\n\n\n\n<figure class=\"wp-block-image aligncenter\"><a href=\"https:\/\/www.re-check.ch\/wp-content\/uploads\/2021\/11\/Moutton-Snowden_F.jpeg\"><img loading=\"lazy\" decoding=\"async\" width=\"800\" height=\"540\" src=\"https:\/\/www.re-check.ch\/wp-content\/uploads\/2021\/11\/Moutton-Snowden_F-800x540.jpeg\" alt=\"\" class=\"wp-image-16674\" srcset=\"https:\/\/www.re-check.ch\/wp-content\/uploads\/2021\/11\/Moutton-Snowden_F-800x540.jpeg 800w, https:\/\/www.re-check.ch\/wp-content\/uploads\/2021\/11\/Moutton-Snowden_F-300x202.jpeg 300w, https:\/\/www.re-check.ch\/wp-content\/uploads\/2021\/11\/Moutton-Snowden_F-1024x691.jpeg 1024w, https:\/\/www.re-check.ch\/wp-content\/uploads\/2021\/11\/Moutton-Snowden_F-768x518.jpeg 768w, https:\/\/www.re-check.ch\/wp-content\/uploads\/2021\/11\/Moutton-Snowden_F-1536x1037.jpeg 1536w, https:\/\/www.re-check.ch\/wp-content\/uploads\/2021\/11\/Moutton-Snowden_F-200x135.jpeg 200w, https:\/\/www.re-check.ch\/wp-content\/uploads\/2021\/11\/Moutton-Snowden_F-400x270.jpeg 400w, https:\/\/www.re-check.ch\/wp-content\/uploads\/2021\/11\/Moutton-Snowden_F-600x405.jpeg 600w, https:\/\/www.re-check.ch\/wp-content\/uploads\/2021\/11\/Moutton-Snowden_F-1200x810.jpeg 1200w, https:\/\/www.re-check.ch\/wp-content\/uploads\/2021\/11\/Moutton-Snowden_F-1320x891.jpeg 1320w, https:\/\/www.re-check.ch\/wp-content\/uploads\/2021\/11\/Moutton-Snowden_F.jpeg 2048w\" sizes=\"(max-width: 800px) 100vw, 800px\" \/><\/a><\/figure>\n\n\n\n<p><\/p>\n\n\n\n<p>En effet, d\u00e8s lors qu\u2019elles seraient li\u00e9es \u00e0 des comptes, eux-m\u00eames li\u00e9s \u00e0 une e-ID, les CBDC rendraient toutes les transactions compl\u00e8tement transparentes, supprimant d\u00e9finitivement l\u2019anonymat que garantit l\u2019argent liquide. Cet aspect a \u00e9t\u00e9 soulign\u00e9 par nombreux observateurs en 2020, lorsque les citoyens de nombreux pays ont \u00e9t\u00e9 pri\u00e9s de payer d\u00e9sormais leurs achats par carte de d\u00e9bit et de cr\u00e9dit, si possible sans contact, afin d\u2019\u00ab\u00e9viter d\u2019avoir \u00e0 manipuler des billets de banque\u00bb, alors qu\u2019aucune \u00e9tude n\u2019a jamais d\u00e9montr\u00e9 que pour la population, il \u00e9tait pr\u00e9f\u00e9rable d\u2019utiliser ce mode de payement plut\u00f4t que le payement en esp\u00e8ces.<\/p>\n\n\n\n<p>Le fait que les CBDC soient programmables conf\u00e8re un pouvoir \u00e9norme au gouvernement, <a href=\"https:\/\/lauradodsworth.substack.com\/p\/all-that-glitters-is-not-gold-especially\" target=\"_blank\" rel=\"noopener noreferrer\">rappelle<\/a> Laura Dodsworth, journaliste et auteure: \u00abAvec les CBDC, le gouvernement pourrait tout savoir sur la fa\u00e7on dont vous d\u00e9pensez votre argent gr\u00e2ce \u00e0 la collecte de donn\u00e9es en temps r\u00e9el.\u00bb<\/p>\n\n\n\n<p>Ce sc\u00e9nario est d\u00e9j\u00e0 une r\u00e9alit\u00e9 en Chine, o\u00f9 le yuan num\u00e9rique fait actuellement l\u2019objet de tests dans plusieurs villes et permet de contr\u00f4ler toutes les transactions. Comme les tenants en Occident d\u2019une soci\u00e9t\u00e9 sans cash, les autorit\u00e9s chinoises arguent que \u00ables esp\u00e8ces sont faciles \u00e0 contrefaire et qu\u2019en raison de leur anonymat, elles peuvent \u00eatre utilis\u00e9es \u00e0 des fins illicites\u00bb. Mais il \u00abreste encore des zones d\u2019ombre sur la possession et l\u2019utilisation de ce yuan, <a href=\"https:\/\/www.journaldunet.fr\/patrimoine\/guide-des-finances-personnelles\/1500403-cbdc-definition-euro-numerique-yuan-digital\/\" target=\"_blank\" rel=\"noopener noreferrer\">relevait<\/a> le <em>Journal du Net<\/em>. La banque centrale chinois, la PBOC, a indiqu\u00e9 que les banques commerciales avaient d\u00e9j\u00e0 les infrastructures pour distribuer cette monnaie, ce qui sous-entend qu\u2019elles s\u2019en chargeront probablement, et pas la banque centrale. Pas d\u2019indication non plus sur la forme m\u00eame si on imagine que le QR code a de grandes chances d\u2019\u00eatre retenu \u00e9tant donn\u00e9 sa popularit\u00e9 en Chine\u00bb.<\/p>\n\n\n\n<p><strong>Limites technologiques<\/strong><\/p>\n\n\n\n<p>Le risque de \u00abfunction creep\u00bb du certificat Covid-19 n\u2019est pas li\u00e9 uniquement \u00e0 la puissance et aux app\u00e9tits des acteurs qui cherchent \u00e0 imposer l\u2019e-ID et les CBDC dans les pays industrialis\u00e9s. En effet, m\u00eame si les pouvoirs publics mettent au point leurs propres solutions non propri\u00e9taires (open source), ils envisagent l\u2019usage des m\u00eame solutions technologiques, notamment l\u2019infrastructure \u00e0 cl\u00e9s publiques (<a href=\"https:\/\/www.bit.admin.ch\/bit\/fr\/home\/subsites\/generalites-concernant-la-swiss-government-pki.html\" target=\"_blank\" rel=\"noopener noreferrer\">PKI<\/a> ou public keys infrastructure) et l\u2019identit\u00e9 souveraine (SSI ou self souvereign identity) (<a href=\"https:\/\/www.letemps.ch\/economie\/une-identite-numerique-souveraine\" target=\"_blank\" rel=\"noopener noreferrer\">1<\/a>) (<a href=\"https:\/\/sovrin.org\/faq\/what-is-self-sovereign-identity\/\" target=\"_blank\" rel=\"noopener noreferrer\">2<\/a>) qui implique le recours \u00e0 la <a href=\"https:\/\/www.kmu.admin.ch\/kmu\/fr\/home\/faits-et-tendances\/blockchain.html\" target=\"_blank\" rel=\"noopener noreferrer\">blockchain<\/a>. C\u2019est le cas de la Suisse, comme l\u2019indique le document de travail qui a \u00e9t\u00e9 pr\u00e9sent\u00e9 lors de la <a href=\"https:\/\/www.bj.admin.ch\/bj\/fr\/home\/staat\/gesetzgebung\/staatliche-e-id\/zielbild-e-id.html\" target=\"_blank\" rel=\"noopener noreferrer\">consultation<\/a> en 2021 concernant le nouveau projet d\u2019e-ID.<\/p>\n\n\n\n<figure class=\"wp-block-image alignleft\"><a href=\"https:\/\/www.re-check.ch\/wp-content\/uploads\/2021\/11\/OKI-02-e1637940017200.png\"><img loading=\"lazy\" decoding=\"async\" width=\"400\" height=\"405\" src=\"https:\/\/www.re-check.ch\/wp-content\/uploads\/2021\/11\/OKI-02-e1637940017200-400x405.png\" alt=\"\" class=\"wp-image-16664\" srcset=\"https:\/\/www.re-check.ch\/wp-content\/uploads\/2021\/11\/OKI-02-e1637940017200-400x405.png 400w, https:\/\/www.re-check.ch\/wp-content\/uploads\/2021\/11\/OKI-02-e1637940017200-296x300.png 296w, https:\/\/www.re-check.ch\/wp-content\/uploads\/2021\/11\/OKI-02-e1637940017200-768x777.png 768w, https:\/\/www.re-check.ch\/wp-content\/uploads\/2021\/11\/OKI-02-e1637940017200-66x66.png 66w, https:\/\/www.re-check.ch\/wp-content\/uploads\/2021\/11\/OKI-02-e1637940017200-200x202.png 200w, https:\/\/www.re-check.ch\/wp-content\/uploads\/2021\/11\/OKI-02-e1637940017200-600x607.png 600w, https:\/\/www.re-check.ch\/wp-content\/uploads\/2021\/11\/OKI-02-e1637940017200-800x810.png 800w, https:\/\/www.re-check.ch\/wp-content\/uploads\/2021\/11\/OKI-02-e1637940017200.png 811w\" sizes=\"(max-width: 400px) 100vw, 400px\" \/><\/a><\/figure>\n\n\n\n<p><\/p>\n\n\n\n<p>Or de nombreux malentendus existent et sont entretenus, tant sur ce dont ces technologies sont capables que sur leur degr\u00e9 de maturit\u00e9. Lorsque des voix s\u2019\u00e9l\u00e8vent pour mettre en garde contre les risques que repr\u00e9sentent les certificats Covid-19 en tant qu\u2019instrument de surveillance, de m\u00eame que la <a href=\"https:\/\/www.bnnbloomberg.ca\/canada\/video\/vaccine-passports-to-create-appalling-level-of-surveillance-tracking-former-ontario-privacy-watchdog~2282674?jwsource=cl\" target=\"_blank\" rel=\"noopener noreferrer\">menace<\/a> qu\u2019ils font peser sur la sph\u00e8re priv\u00e9e et les libert\u00e9s individuelles, une <a href=\"https:\/\/www.ledgerinsights.com\/immunity-certificates-dont-have-to-give-up-our-data-privacy\/\" target=\"_blank\" rel=\"noopener noreferrer\">r\u00e9ponse<\/a> est invariablement avanc\u00e9e: par leur nature m\u00eame et leur architecture, les technologies utilis\u00e9es garantiraient intrins\u00e8quement le respect de la vie priv\u00e9e, la s\u00e9curit\u00e9 et l\u2019assurance que chacun puisse garder la haute main sur ses donn\u00e9es personnelles.<\/p>\n\n\n\n<p>C\u2019est en tout cas ce que promet le concept tr\u00e8s en vogue d\u2019\u00abidentit\u00e9 souveraine\u00bb ou <a href=\"https:\/\/hackernoon.com\/covid-19-vaccination-passes-could-cataylze-self-sovereign-identity-adoption-6x3m3563\" target=\"_blank\" rel=\"noopener noreferrer\">SSI<\/a>. \u00abL\u2019avantage de la SSI: \u00e0 l\u2019instar de l\u2019application Covid, les utilisateurs restent ma\u00eetres de leurs propres donn\u00e9es\u00bb, <a href=\"https:\/\/www.aargauerzeitung.ch\/schweiz\/kaum-einer-wollte-die-e-id-covid-konnte-das-nun-andern-ld.2168830\" target=\"_blank\" rel=\"noopener noreferrer\">r\u00e9sumait<\/a> l\u2019<em>Aargauer Zeitung<\/em> en juillet 2021. Explication avanc\u00e9e: \u00abEn effet, la SSI est d\u00e9centralis\u00e9e, les utilisateurs ne d\u00e9pendent pas d\u2019un prestataire de services d\u2019identit\u00e9 central. Ils g\u00e8rent eux-m\u00eames leurs identit\u00e9s num\u00e9riques. Les caract\u00e9ristiques personnelles d\u2019identit\u00e9 telles que le nom, le pr\u00e9nom ou la date de naissance sont d\u00e9pos\u00e9es dans un portefeuille \u00e9lectronique (\u2018wallet\u2019) sur le t\u00e9l\u00e9phone portable. L\u2019Etat, en tant qu\u2019autorit\u00e9 de confiance, les confirme. Ce sont des \u2018Verified Credentials\u2019.\u00bb<\/p>\n\n\n\n<figure class=\"wp-block-image alignright\"><a href=\"https:\/\/www.re-check.ch\/wp-content\/uploads\/2021\/11\/SSI-02-1.png\"><img loading=\"lazy\" decoding=\"async\" width=\"400\" height=\"418\" src=\"https:\/\/www.re-check.ch\/wp-content\/uploads\/2021\/11\/SSI-02-1-400x418.png\" alt=\"\" class=\"wp-image-16687\" srcset=\"https:\/\/www.re-check.ch\/wp-content\/uploads\/2021\/11\/SSI-02-1-400x418.png 400w, https:\/\/www.re-check.ch\/wp-content\/uploads\/2021\/11\/SSI-02-1-287x300.png 287w, https:\/\/www.re-check.ch\/wp-content\/uploads\/2021\/11\/SSI-02-1-768x803.png 768w, https:\/\/www.re-check.ch\/wp-content\/uploads\/2021\/11\/SSI-02-1-200x209.png 200w, https:\/\/www.re-check.ch\/wp-content\/uploads\/2021\/11\/SSI-02-1-600x627.png 600w, https:\/\/www.re-check.ch\/wp-content\/uploads\/2021\/11\/SSI-02-1-800x836.png 800w, https:\/\/www.re-check.ch\/wp-content\/uploads\/2021\/11\/SSI-02-1.png 841w\" sizes=\"(max-width: 400px) 100vw, 400px\" \/><\/a><\/figure>\n\n\n\n<p><\/p>\n\n\n\n<p>En r\u00e9alit\u00e9, de telles assurances sont au mieux pr\u00e9matur\u00e9es, au pire trompeuses, car elles ne tiennent pas compte de toute une s\u00e9rie d\u2019aspects essentiels. Pour l\u2019instant, en effet, cette technologie n\u2019a r\u00e9alis\u00e9 aucune de ces promesses. \u00abCette approche est relativement r\u00e9cente, certaines questions fondamentales ne sont pas encore r\u00e9solues de mani\u00e8re concluante et les normes sont encore incompl\u00e8tes\u00bb, admet le \u00abDocument de travail concernant le projet d\u2019identit\u00e9 \u00e9lectronique (e-ID)\u00bb (t\u00e9l\u00e9chargeable <a href=\"https:\/\/www.bj.admin.ch\/bj\/fr\/home\/staat\/gesetzgebung\/staatliche-e-id\/zielbild-e-id.html\" target=\"_blank\" rel=\"noopener noreferrer\">ici<\/a>), au chapitre consacr\u00e9 \u00e0 la SSI. Ou encore: \u00abLa responsabilit\u00e9 de la gestion des donn\u00e9es v\u00e9rifi\u00e9es est pleinement confi\u00e9e \u00e0 l\u2019utilisateur, ce qui rend toute aide de l\u2019\u00e9metteur quasiment impossible.\u00bb Et: \u00abEn cas d\u2019utilisation abusive de l\u2019e-ID ou d\u2019autres preuves, il peut donc \u00eatre difficile de prouver qu\u2019on \u2018n\u2019\u00e9tait pas\u2019 la personne en question.\u00bb<\/p>\n\n\n\n<p>Cela correspond-il vraiment \u00e0 l\u2019image que l\u2019on se ferait d\u2019une e-ID s\u00fbre o\u00f9 l\u2019on serait \u00abma\u00eetre de ses propres donn\u00e9es?\u00bb<\/p>\n\n\n\n<p>Par ailleurs, aucun de nous ne peut pr\u00e9dire l\u2019avenir: comme le relevait l\u2019<a href=\"https:\/\/www.srf.ch\/kultur\/gesellschaft-religion\/digitale-identitaet-die-blockchain-weiss-alles-kommt-die-totale-ueberwachung\" target=\"_blank\" rel=\"noopener noreferrer\">enqu\u00eate sur l\u2019Alliance ID2020<\/a> diffus\u00e9e sur la cha\u00eene de t\u00e9l\u00e9vision publique suisse al\u00e9manique SRF, m\u00eame si aujourd\u2019hui ces technologies semblent inviolables, personne ne peut dire quelles seront les techniques dont disposeront les hackers du futur. Par ailleurs, tous les syst\u00e8mes informatiques ont des portes d\u00e9rob\u00e9es auxquelles les services de renseignements des pays industrialis\u00e9s font en sorte d\u2019avoir acc\u00e8s.<\/p>\n\n\n\n<p><strong>Elle n<\/strong><strong>\u2019oublie rien et est d<\/strong><strong>\u00e9centralis<\/strong><strong>\u00e9e. La blockchain est-elle vraiment une bonne chose?<\/strong><\/p>\n\n\n\n<p>La blockchain est elle aussi dans toutes les bouches lorsqu\u2019il est question d\u2019e-ID: elle garantirait la d\u00e9centralisation et serait intrins\u00e8quement s\u00e9curis\u00e9e. Ces affirmations oblit\u00e8rent le fait que la blockchain est une \u00ab<a href=\"https:\/\/www.icaew.com\/technical\/technology\/blockchain\/blockchain-articles\/blockchain-and-the-accounting-perspective\" target=\"_blank\" rel=\"noopener noreferrer\">technologie comptable<\/a>\u00bb. Et en tant que telle, elle cr\u00e9e des journaux de transactions permanents, comme l\u2019explique le portail <a href=\"https:\/\/coingape.com\/how-to-take-advantage-of-a-secure-blockchain-logging\/\" target=\"_blank\" rel=\"noopener noreferrer\">Coingape.com<\/a>: \u00abLa blockchain est un grand livre ouvert et distribu\u00e9 qui permet d\u2019enregistrer les transactions de mani\u00e8re v\u00e9rifiable et permanente. La blockchain est r\u00e9sistante \u00e0 la modification des donn\u00e9es, ce qui en fait un excellent candidat pour prot\u00e9ger et s\u00e9curiser les journaux de transactions.\u00bb Mais est-ce vraiment ce que nous voulons dans le cas d\u2019une identit\u00e9 num\u00e9rique? Cr\u00e9er un registre permanent et tra\u00e7able de qui fait quoi, o\u00f9 et quand?<\/p>\n\n\n\n<p>Elizabeth Renieris est sp\u00e9cialiste des technologies et des droits de l\u2019homme au Carr Center for Human Rights Policy de la Harvard Kennedy School of Government, praticienne au Digital Civil Society Lab de l\u2019Universit\u00e9 Stanford et directrice fondatrice du Notre Dame-IBM Technology Ethics Lab \u00e0 l\u2019Universit\u00e9 de Notre Dame (Indiana). Elle exprimait son doute \u00e0 ce sujet dans un <a href=\"https:\/\/medium.com\/berkman-klein-center\/forget-erasure-why-blockchain-is-really-incompatible-with-the-gdpr-9f60374e90f3\" target=\"_blank\" rel=\"noopener noreferrer\">article<\/a> r\u00e9cemment publi\u00e9, rappelant que comme \u00abla blockchain est cens\u00e9e \u00eatre un enregistrement num\u00e9rique permanent et immuable, elle contredit intrins\u00e8quement le principe de limitation du stockage\u00bb. Elizabeth Renieris a <a href=\"https:\/\/www.ledgerinsights.com\/id2020-resignation-blockchain-covid-19-immunity-passports\/\" target=\"_blank\" rel=\"noopener noreferrer\">quitt\u00e9<\/a> ID2020 en mai 2020, lorsque l\u2019alliance s\u2019est mise \u00e0 pr\u00f4ner l\u2019usage de la blockchain pour les certificats Covid-19.<\/p>\n\n\n\n<figure class=\"wp-block-image alignleft\"><a href=\"https:\/\/www.re-check.ch\/wp-content\/uploads\/2021\/11\/Blockchain-03.png\"><img loading=\"lazy\" decoding=\"async\" width=\"400\" height=\"407\" src=\"https:\/\/www.re-check.ch\/wp-content\/uploads\/2021\/11\/Blockchain-03-400x407.png\" alt=\"\" class=\"wp-image-16660\" srcset=\"https:\/\/www.re-check.ch\/wp-content\/uploads\/2021\/11\/Blockchain-03-400x407.png 400w, https:\/\/www.re-check.ch\/wp-content\/uploads\/2021\/11\/Blockchain-03-295x300.png 295w, https:\/\/www.re-check.ch\/wp-content\/uploads\/2021\/11\/Blockchain-03-768x782.png 768w, https:\/\/www.re-check.ch\/wp-content\/uploads\/2021\/11\/Blockchain-03-66x66.png 66w, https:\/\/www.re-check.ch\/wp-content\/uploads\/2021\/11\/Blockchain-03-200x204.png 200w, https:\/\/www.re-check.ch\/wp-content\/uploads\/2021\/11\/Blockchain-03-600x611.png 600w, https:\/\/www.re-check.ch\/wp-content\/uploads\/2021\/11\/Blockchain-03-800x815.png 800w, https:\/\/www.re-check.ch\/wp-content\/uploads\/2021\/11\/Blockchain-03.png 873w\" sizes=\"(max-width: 400px) 100vw, 400px\" \/><\/a><\/figure>\n\n\n\n<p><\/p>\n\n\n\n<p>En effet, cette tra\u00e7abilit\u00e9 totale est en conflit avec la loi sur la protection des donn\u00e9es dans l\u2019UE, par exemple. Selon le R\u00e8glement europ\u00e9en sur la protection des donn\u00e9es (RGPD), les donn\u00e9es personnelles doivent \u00eatre effac\u00e9es d\u00e8s que la finalit\u00e9 de leur collecte dispara\u00eet ou que les personnes concern\u00e9es r\u00e9voquent leur consentement. Or, l\u2019effacement est impossible sur la blockchain.<\/p>\n\n\n\n<p>Autre malentendu: la blockchain est pr\u00e9sent\u00e9e comme d\u00e9centralis\u00e9e par d\u00e9finition, ce qui serait cens\u00e9 repr\u00e9senter un avantage d\u00e9cisif pour la protection des donn\u00e9es par rapport \u00e0 un syst\u00e8me centralisateur. Pour Paul Oude Luttighuis, consultant en architecture de l&rsquo;information aux Pays-Bas, cette description est trop <a href=\"https:\/\/www.linkedin.com\/pulse\/why-blockchain-centralistic-paul-oude-luttighuis\/\" target=\"_blank\" rel=\"noopener noreferrer\">courte<\/a>. Car le contenu d\u2019une blockchain est tr\u00e8s difficile \u00e0 modifier: \u00abDans une d\u00e9mocratie, rappelle-t-il, ce sont les gens qui r\u00e9digent un contrat humain dans le cadre d\u2019un processus politique. Ce contrat peut donc \u00eatre modifi\u00e9.\u00bb Alors que dans le cas de la blockchain, on a affaire \u00e0 \u00abune logique formelle, un code logiciel, o\u00f9 il n\u2019y a personne pour d\u00e9battre, ajuster ou effectuer des modifications. Une fois que tout le monde est impliqu\u00e9 dans cette blockchain, une fois que son \u00e9chelle augmente, le changement est presque impossible. C\u2019est comme un ch\u00e2teau de cartes. Il y a peu de marge de man\u0153uvre pour la modification. Nous nous enfermons les uns les autres dans un contrat social qui ne peut plus \u00eatre adapt\u00e9\u00bb. Autrement dit, une fois que la technologie a \u00e9t\u00e9 \u00e9tablie, toute forme de coordination humaine est \u00e9limin\u00e9e.<\/p>\n\n\n\n<p>De fait, estime Paul Oude Luttighuis, \u00abdans son concept ultime, la blockchain est un cheval de Troie. Elle pr\u00e9tend \u00eatre un outil pratique pour nos besoins \u2013 souvent en partant de notre peur et de notre m\u00e9fiance \u2013, mais de l\u2019int\u00e9rieur, elle ronge la vie d\u2019une d\u00e9mocratie et de l\u2019Etat de droit. Ce sont de grands mots, et une mise en \u0153uvre isol\u00e9e de la blockchain n\u2019aura certainement pas des effets aussi d\u00e9vastateurs. Mais le concept de blockchain avec son architecture induit ces effets, surtout lorsqu\u2019il est d\u00e9ploy\u00e9 \u00e0 grande \u00e9chelle dans la conduite des affaires publiques\u00bb .<\/p>\n\n\n\n<p><strong>Solutionnisme technologique<\/strong><\/p>\n\n\n\n<p>\u00abLa justification de ces syst\u00e8mes a commenc\u00e9 dans le contexte de la s\u00e9curit\u00e9 int\u00e9rieure \u2013 un contexte qui s\u2019abstient traditionnellement de solliciter les r\u00e9actions du public, rappellent Tommy Cooke, du Surveillance Studies Centre de la Queen\u2019s University et Benjamin J. Muller, du King\u2019s University College de l\u2019Universit\u00e9 de Western Ontario. Pour eux, \u00abl\u2019impulsion des gouvernements visant \u00e0 contourner la consultation publique est due en partie au solutionnisme technologique\u00bb. Ce syst\u00e8me de croyance, expliquent les chercheurs, postule en effet que \u00abla plupart des probl\u00e8mes \u2013 qu\u2019ils soient politiques, sociaux, culturels, \u00e9conomiques ou autres \u2013 peuvent \u00eatre \u00abr\u00e9solus\u00bb par la technologie, les algorithmes, l\u2019exploration de donn\u00e9es (data mining), etc.\u00bb<\/p>\n\n\n\n<p>Or cette <a href=\"https:\/\/www.publicbooks.org\/the-folly-of-technological-solutionism-an-interview-with-evgeny-morozov\/\" target=\"_blank\" rel=\"noopener noreferrer\">id\u00e9ologie<\/a>, qui s\u00e9duit tant les partisans de l\u2019e-ID, impose un raisonnement r\u00e9ductionniste et simpliste qui semble ignorer le r\u00e9el des interactions et des rapports de pouvoir. En effet, m\u00eame avec un syst\u00e8me qui th\u00e9oriquement garantirait que le citoyen reste ma\u00eetre de ce qu\u2019il consent \u00e0 divulguer sur son identit\u00e9, comme le promet le hype autour de l\u2019identit\u00e9 souveraine ou SSI, la r\u00e9alit\u00e9 nous place trop souvent dans des situations asym\u00e9triques o\u00f9 nous n\u2019avons pas d\u2019autre choix que de produire les documents et les informations qu\u2019on nous r\u00e9clame: au passage des fronti\u00e8res, dans nos rapports avec les autorit\u00e9s, les instituts bancaires, les assurances, le bailleur de notre logement, notre employeur, etc.<\/p>\n\n\n\n<p>Pour Elizabeth Renieris, avocate d\u2019affaires et sp\u00e9cialiste de ces technologies, c\u2019est l\u2019id\u00e9e m\u00eame de propri\u00e9t\u00e9 des donn\u00e9es qui est fausse, car elle transforme ce qui devrait \u00eatre un droit humain universel en droit de propri\u00e9t\u00e9 (<a href=\"https:\/\/medium.com\/@hackylawyER\/do-we-really-want-to-sell-ourselves-the-risks-of-a-property-law-paradigm-for-data-ownership-b217e42edffa\" target=\"_blank\" rel=\"noopener noreferrer\">1<\/a>) (<a href=\"https:\/\/slate.com\/technology\/2020\/04\/sell-your-own-data-bad-idea.html\" target=\"_blank\" rel=\"noopener noreferrer\">2<\/a>). Car ce mod\u00e8le qui postule que l\u2019on \u00abposs\u00e8de\u00bb ses propres donn\u00e9es, fait de ces donn\u00e9es quelque chose qui, \u00e0 long terme, pourra \u00eatre vendu ou \u00e9chang\u00e9 contre autre chose. Par ailleurs, le SSI et l\u2019identification d\u00e9centralis\u00e9e font porter toute la responsabilit\u00e9 sur l\u2019individu: \u00abL\u2019id\u00e9e est que vous puissiez d\u00e9cider vous-m\u00eame de mettre vos donn\u00e9es \u00e0 la disposition d\u2019autres personnes, en renon\u00e7ant \u00e0 leur contr\u00f4le, <a href=\"https:\/\/slate.com\/technology\/2020\/04\/sell-your-own-data-bad-idea.html\" target=\"_blank\" rel=\"noopener noreferrer\">expliquait-elle<\/a>. On peut y voir un moyen de donner du pouvoir aux consommateurs, en particulier \u00e0 un moment o\u00f9 nous nous sentons tous encore plus impuissants que d\u2019habitude. Mais il n\u2019y a rien que les entreprises technologiques aimeraient davantage que de vous voir \u00eatre propri\u00e9taire de vos donn\u00e9es et les traiter comme une propri\u00e9t\u00e9 que vous pouvez vendre.\u00bb<\/p>\n\n\n\n<p><strong>Allons-nous vraiment voter avec notre maillot de bain?<\/strong><\/p>\n\n\n\n<p>En mars 2021, juste apr\u00e8s le Non du peuple suisse \u00e0 la premi\u00e8re version de loi sur l\u2019e-ID, le portail Swissinfo publiait (en cinq langues) une tribune de Ian Richards, \u00e9conomiste aux Nations Unies, qui s\u2019\u00e9tait d\u00e9j\u00e0 distingu\u00e9 par des <a href=\"https:\/\/nowandthennews.com\/2021\/03\/04\/vaccine-passports-are-controversial-but-their-technology-will-bring-big-benefits-to-developing-countries-global-issues\/\" target=\"_blank\" rel=\"noopener noreferrer\">interventions<\/a> o\u00f9 il s\u2019attachait \u00e0 souligner les avantages du QR code Covid \u00aben d\u00e9pit des controverses\u00bb. Son texte, intitul\u00e9 \u00ab<a href=\"https:\/\/www.swissinfo.ch\/fre\/comment-les-passeports-vaccinaux-pourraient-rendre-le-refus-de-l-eid-obsol%C3%A8te\/46472786\" target=\"_blank\" rel=\"noopener noreferrer\">Comment les passeports vaccinaux pourraient rendre le refus de l\u2019e-ID obsol\u00e8te<\/a>\u00bb \u00e9tait de la m\u00eame veine et pr\u00e9sentait une utopie o\u00f9, gr\u00e2ce \u00e0 ce dispositif, tout pourrait \u00eatre simple, pratique et sans friction. Pour lui, aucun doute: les Suisses allaient go\u00fbter aux avantages offerts par les certificats Covid-19 au cours de l\u2019\u00e9t\u00e9 2021 et ne voudraient plus revenir en arri\u00e8re, au contraire: \u00abIl est vrai que les passeports vaccinaux sont encore controvers\u00e9s. L\u2019Organisation mondiale de la sant\u00e9 admet qu\u2019il subsiste des inconnues cruciales sur l\u2019efficacit\u00e9 de la vaccination pour r\u00e9duire la transmission et qu\u2019il y a eu peu de discussions sur la mani\u00e8re dont ces passeports seront r\u00e9gul\u00e9s. Mais s\u2019il faut choisir entre un nouvel \u00e9t\u00e9 dans de co\u00fbteuses stations de montagne et le poisson frais grill\u00e9 dans une taverne au bord de la mer, il est \u00e0 parier que de nombreux Suisses voteront avec leur maillot de bain, t\u00e9l\u00e9chargeront leur passeport vaccinal num\u00e9rique et s\u2019envoleront pour l\u2019\u00e9tranger. Les vacanciers des autres pays feront de m\u00eame, et \u00e0 leur retour chez eux, les gouvernements se presseront probablement pour faire avec les passeports et les autres documents ce que l\u2019IATA a fait avec les certificats de vaccination et ce que l\u2019Irak, le B\u00e9nin et la Colombie-Britannique font d\u00e9j\u00e0 avec le reste. Dans six mois, il se pourrait bien que l\u2019on reproche \u00e0 cette e-ID non plus d\u2019aller trop loin, mais de ne pas aller assez loin.\u00bb<\/p>\n\n\n\n<figure class=\"wp-block-image aligncenter\"><a href=\"https:\/\/www.re-check.ch\/wp-content\/uploads\/2021\/11\/Digital-ID-1.png\"><img loading=\"lazy\" decoding=\"async\" width=\"835\" height=\"806\" src=\"https:\/\/www.re-check.ch\/wp-content\/uploads\/2021\/11\/Digital-ID-1.png\" alt=\"\" class=\"wp-image-16695\" srcset=\"https:\/\/www.re-check.ch\/wp-content\/uploads\/2021\/11\/Digital-ID-1.png 835w, https:\/\/www.re-check.ch\/wp-content\/uploads\/2021\/11\/Digital-ID-1-300x290.png 300w, https:\/\/www.re-check.ch\/wp-content\/uploads\/2021\/11\/Digital-ID-1-768x741.png 768w, https:\/\/www.re-check.ch\/wp-content\/uploads\/2021\/11\/Digital-ID-1-200x193.png 200w, https:\/\/www.re-check.ch\/wp-content\/uploads\/2021\/11\/Digital-ID-1-400x386.png 400w, https:\/\/www.re-check.ch\/wp-content\/uploads\/2021\/11\/Digital-ID-1-600x579.png 600w, https:\/\/www.re-check.ch\/wp-content\/uploads\/2021\/11\/Digital-ID-1-800x772.png 800w\" sizes=\"(max-width: 835px) 100vw, 835px\" \/><\/a><\/figure>\n\n\n\n<p><\/p>\n\n\n\n<p>Alors qu\u2019en Suisse la consultation sur la nouvelle loi sur l\u2019e-ID vient de s\u2019achever et que le Conseil f\u00e9d\u00e9ral esp\u00e8re pouvoir se caler sur le calendrier de l\u2019UE pour l\u2019adoption de ce dispositif fin 2022, il serait souhaitable que les citoyens aient l\u2019occasion de bien r\u00e9fl\u00e9chir \u00e0 ses implications et \u00e0 son lien avec le certificat Covid-19. Car, comme le relevait Elizabeth Renieris dans un <a href=\"https:\/\/www.cigionline.org\/articles\/whats-really-stake-vaccine-passports\/\" target=\"_blank\" rel=\"noopener noreferrer\">article<\/a> paru en avril 2021, ces certificats doivent \u00eatre consid\u00e9r\u00e9s dans ce \u00abcontexte plus large d\u2019acc\u00e9l\u00e9ration de l\u2019adoption de l\u2019identit\u00e9 num\u00e9rique\u00bb, avec le risque que l\u2019infrastructure d\u2019identit\u00e9 num\u00e9rique construite et d\u00e9ploy\u00e9e en r\u00e9ponse \u00e0 la crise Covid devienne permanente. \u00abPour apaiser ces inqui\u00e9tudes, certains gouvernements promettent que les solutions sont temporaires, note-t-elle. Par exemple, la Commission europ\u00e9enne a d\u00e9clar\u00e9: \u2018Le syst\u00e8me de certificat vert num\u00e9rique est une mesure temporaire sera suspendue d\u00e8s que l\u2019Organisation mondiale de la sant\u00e9 (OMS) d\u00e9clarera la fin de l\u2019urgence sanitaire internationale\u00bb. Mais le certificat Covid-19 a d\u00e9j\u00e0 montr\u00e9 qu\u2019il \u00e9tait une solution \u00ab<a href=\"https:\/\/www.re-check.ch\/fr\/function-creep-certificats-covid-19-02\/\" target=\"_blank\" rel=\"noopener noreferrer\">extensible<\/a>\u00bb. De fait, estime la chercheuse, nous devons examiner comment l\u2019introduction de ce syst\u00e8me est susceptible d\u2019op\u00e9rer un transfert de pouvoir et de normaliser l\u2019identification omnipr\u00e9sente dans de nombreux aspects de notre vie.<\/p>\n\n\n\n<p>Pour Tommy Cooke et Benjamin J. Muller, \u00e9galement, il existe \u00abune forte corr\u00e9lation\u00bb entre l\u2019\u00e9mergence des certificats et passeports vaccinaux d\u2019un c\u00f4t\u00e9, et, de l\u2019autre, celle des syst\u00e8mes d\u2019identit\u00e9 num\u00e9rique: \u00abLa mani\u00e8re dont les gouvernements du monde entier discutent et planifient les syst\u00e8mes d\u2019identit\u00e9 num\u00e9rique sugg\u00e8re que les certificats et passeports vaccinaux pourraient \u00eatre des prototypes pour les futures it\u00e9rations de l\u2019identit\u00e9 num\u00e9rique.\u00bb<\/p>\n\n\n\n<p>Mais alors que la population devrait pouvoir d\u00e9battre de ces questions sans censure, en b\u00e9n\u00e9ficiant d\u2019explications honn\u00eates et pr\u00e9cises, force est de constater que cette d\u00e9marche est tout \u00e0 fait impossible dans le climat toxique qui r\u00e8gne actuellement.<\/p>\n\n\n\n<figure class=\"wp-block-image aligncenter\"><a href=\"https:\/\/www.re-check.ch\/wp-content\/uploads\/2021\/11\/Society.png\"><img loading=\"lazy\" decoding=\"async\" width=\"816\" height=\"911\" src=\"https:\/\/www.re-check.ch\/wp-content\/uploads\/2021\/11\/Society.png\" alt=\"\" class=\"wp-image-16690\" srcset=\"https:\/\/www.re-check.ch\/wp-content\/uploads\/2021\/11\/Society.png 816w, https:\/\/www.re-check.ch\/wp-content\/uploads\/2021\/11\/Society-269x300.png 269w, https:\/\/www.re-check.ch\/wp-content\/uploads\/2021\/11\/Society-768x857.png 768w, https:\/\/www.re-check.ch\/wp-content\/uploads\/2021\/11\/Society-200x223.png 200w, https:\/\/www.re-check.ch\/wp-content\/uploads\/2021\/11\/Society-400x447.png 400w, https:\/\/www.re-check.ch\/wp-content\/uploads\/2021\/11\/Society-600x670.png 600w, https:\/\/www.re-check.ch\/wp-content\/uploads\/2021\/11\/Society-800x893.png 800w\" sizes=\"(max-width: 816px) 100vw, 816px\" \/><\/a><\/figure>\n\n\n\n<p><\/p>\n\n\n\n<p>D\u2019autant plus que les interrogations sont fort nombreuses: \u00abQui vous \u00eates, votre \u00e9tat de sant\u00e9 et votre capacit\u00e9 \u00e0 participer aux \u00e9conomies mondiales\u00bb sont autant d\u2019aspects qui d\u00e9pendent d\u00e9sormais de plus en plus de votre smartphone, soulignent encore Tommy Cooke et Benjamin J. Muller: \u00abLes processus en arri\u00e8re-plan de ces applications \u2013 ceux qui sont responsables de la cr\u00e9ation, de la v\u00e9rification et de la distribution des certificats de vaccination et\/ou des passeports num\u00e9riques \u2013 introduisent des incertitudes sans pr\u00e9c\u00e9dent en mati\u00e8re de confidentialit\u00e9 et d\u2019acc\u00e8s pour les citoyens. Qui construit, entretient et g\u00e8re ces r\u00e9seaux? Quelles sont les normes de cybers\u00e9curit\u00e9 qu\u2019ils utilisent? Quels types de donn\u00e9es, de m\u00e9triques et d\u2019autres analyses \u00e0 usage secondaire sont utilis\u00e9s sur ces r\u00e9seaux, et pour quelles raisons? Leur code est-il open-source et, dans l\u2019affirmative, qui est charg\u00e9 de l\u2019auditer pour s\u2019assurer qu\u2019ils sont non seulement conformes \u00e0 la loi mais aussi \u00e9thiquement responsables? Plus importantes encore sont les questions relatives \u00e0 l\u2019avenir: qu\u2019est-ce que cela signifie d\u2019avoir tout cela sur des technologies mobiles toujours connect\u00e9es et toujours actives? Comment ces \u00e9volutions vont-elles transformer la nature des relations entre les entit\u00e9s des secteurs public et priv\u00e9? Combien de temps ces syst\u00e8mes seront-ils autoris\u00e9s \u00e0 fonctionner, et quelle sera leur taille? Par exemple, les citoyens pourront-ils conserver d\u2019autres formes d\u2019identit\u00e9 sur leurs smartphones?\u00bb<\/p>\n\n\n\n<p>C\u2019est seulement si les citoyens ont l\u2019occasion d\u2019examiner ces aspects et obtiennent des r\u00e9ponses de bonne foi qu\u2019ils auront les \u00e9l\u00e9ments pour d\u00e9cider de mani\u00e8re \u00e9clair\u00e9e s\u2019ils adh\u00e8rent \u00e0 la feuille de route \u00abmaillot de bain\u00bb et \u00absans friction\u00bb d\u00e9crite par Ian Richards. Ou, au contraire, s\u2019ils voient avant tout dans ce dispositif une \u00e9volution inqui\u00e9tante, l\u2019usage fait du QR code Covid-19 jusqu\u2019ici leur ayant donn\u00e9 un aper\u00e7u de ce qui les attend \u00e0 plus large \u00e9chelle encore. Et rejoignent la journaliste australienne Caitlin Johnstone dans sa <a href=\"https:\/\/twitter.com\/caitoz\/status\/1451429450709536768\" target=\"_blank\" rel=\"noopener noreferrer\">conclusion<\/a>: \u00abAucune personne normale ne veut que des lois sur l\u2019identit\u00e9 num\u00e9rique soient adopt\u00e9es. Les gens normaux ne sont pas assis autour d\u2019une table \u00e0 se dire: \u2018C\u2019est vraiment nul de ne pas pouvoir prouver son identit\u00e9 en ligne avec une carte d\u2019identit\u00e9 num\u00e9rique qui contient toutes nos informations.\u2019 Les seuls qui en ont envie, ce sont les puissants. Et pour de bonnes raisons.\u00bb<\/p>\n\n\n\n<p><em>Lire le <a href=\"https:\/\/www.re-check.ch\/fr\/function-creep-certificats-covid-19\/\" target=\"_blank\" rel=\"noopener noreferrer\">premier \u00e9pisode<\/a><br><\/em><em>Lire le <a href=\"https:\/\/www.re-check.ch\/fr\/function-creep-certificats-covid-19-02\/\" target=\"_blank\" rel=\"noopener noreferrer\">deuxi\u00e8me episode<\/a>&nbsp; <\/em><\/p>\n\n\n\n<p><em>Cette s\u00e9rie vous a plus? Vous pouvez faire un <a href=\"https:\/\/www.re-check.ch\/fr\/soutenir-re-check\/\" target=\"_blank\" rel=\"noopener noreferrer\">don<\/a> \u00e0 Re-Check pour soutenir notre travail.<\/em><\/p>\n","protected":false},"excerpt":{"rendered":"<p>&nbsp; Analyse et commentaireCatherine Riva, Serena Tinari \u2013 Re-Check.ch | Jannes van RoermundIllustrations: Aleksandra Roth-Belkova26 novembre 2021 Read the article in English (online) Den Artikel auf Deutsch lesen (online) L\u2019utilisation du certificat Covid-19 est aujourd\u2019hui circonscrite \u00e0 des statuts li\u00e9s au coronavirus. Mais, comme le montrent nos recherches et les entretiens fouill\u00e9s que nous avons<a class=\"excerpt-read-more\" href=\"https:\/\/www.re-check.ch\/fr\/function-creep-certificats-covid-19-03\/\" title=\"Read\u00abFunction creep\u00bb en mode pand\u00e9mique: l\u2019\u00e9trange cas des certificats Covid-19 (3\/3)\">&#8230; Read more &raquo;<\/a><\/p>\n","protected":false},"author":1,"featured_media":16679,"comment_status":"closed","ping_status":"open","sticky":false,"template":"","format":"standard","meta":{"_acf_changed":false,"footnotes":""},"categories":[105,200,203],"tags":[],"class_list":["post-16656","post","type-post","status-publish","format-standard","has-post-thumbnail","hentry","category-conflits-dinterets-conflict-of-interest-fr","category-covid-19","category-covid-19-2"],"acf":[],"_links":{"self":[{"href":"https:\/\/www.re-check.ch\/fr\/wp-json\/wp\/v2\/posts\/16656"}],"collection":[{"href":"https:\/\/www.re-check.ch\/fr\/wp-json\/wp\/v2\/posts"}],"about":[{"href":"https:\/\/www.re-check.ch\/fr\/wp-json\/wp\/v2\/types\/post"}],"author":[{"embeddable":true,"href":"https:\/\/www.re-check.ch\/fr\/wp-json\/wp\/v2\/users\/1"}],"replies":[{"embeddable":true,"href":"https:\/\/www.re-check.ch\/fr\/wp-json\/wp\/v2\/comments?post=16656"}],"version-history":[{"count":28,"href":"https:\/\/www.re-check.ch\/fr\/wp-json\/wp\/v2\/posts\/16656\/revisions"}],"predecessor-version":[{"id":20184,"href":"https:\/\/www.re-check.ch\/fr\/wp-json\/wp\/v2\/posts\/16656\/revisions\/20184"}],"wp:featuredmedia":[{"embeddable":true,"href":"https:\/\/www.re-check.ch\/fr\/wp-json\/wp\/v2\/media\/16679"}],"wp:attachment":[{"href":"https:\/\/www.re-check.ch\/fr\/wp-json\/wp\/v2\/media?parent=16656"}],"wp:term":[{"taxonomy":"category","embeddable":true,"href":"https:\/\/www.re-check.ch\/fr\/wp-json\/wp\/v2\/categories?post=16656"},{"taxonomy":"post_tag","embeddable":true,"href":"https:\/\/www.re-check.ch\/fr\/wp-json\/wp\/v2\/tags?post=16656"}],"curies":[{"name":"wp","href":"https:\/\/api.w.org\/{rel}","templated":true}]}}