{"id":14610,"date":"2020-04-05T00:00:16","date_gmt":"2020-04-05T00:00:16","guid":{"rendered":"http:\/\/www.re-check.ch\/wordpress\/?p=14610"},"modified":"2024-10-28T12:10:25","modified_gmt":"2024-10-28T12:10:25","slug":"medias-suisses-covid-19","status":"publish","type":"post","link":"https:\/\/www.re-check.ch\/fr\/medias-suisses-covid-19\/","title":{"rendered":"M\u00e9dias suisses et coronavirus: cesser de nourrir la peur"},"content":{"rendered":"<h5><\/h5>\n<h5><strong><span style=\"color: #008faf;\">par Catherine Riva, Serena Tinari \u2013 Re-Check.ch<\/span><\/strong><\/h5>\n<p>Nous observons avec pr\u00e9occupation que la couverture m\u00e9diatique actuelle de l\u2019\u00e9pid\u00e9mie de coronavirus est avant tout anxiog\u00e8ne et \u00e9motionnelle. Cela tient au moins \u00e0 deux facteurs: d\u2019un c\u00f4t\u00e9, \u00e0 une pr\u00e9sentation des chiffres qui ne permet pas de se faire une id\u00e9e aussi r\u00e9aliste que possible de la gravit\u00e9 de l\u2019\u00e9pid\u00e9mie et de la mani\u00e8re dont elle \u00e9volue en Suisse; de l\u2019autre, \u00e0 la tendance \u00e0 monter en \u00e9pingle des cas individuels peu repr\u00e9sentatifs ou des situations tr\u00e8s particuli\u00e8res comme celle de Bergame (Italie), sans mise en perspective.<\/p>\n<p>De fait, le public suisse ne dispose pas des informations n\u00e9cessaires dont il aurait besoin pour juger si les mesures prises au nom de sa protection lui semblent acceptables et justifi\u00e9es, notamment au regard des effets n\u00e9gatifs que lesdites mesures d\u00e9ploient d\u00e9j\u00e0 et d\u00e9ploieront de plus en plus, entre autres sur la sant\u00e9 des habitants.<\/p>\n<p>Les autorit\u00e9s f\u00e9d\u00e9rales ne fournissent pas certains indicateurs qui permettraient d\u2019analyser la situation sur les meilleures bases possibles et, malheureusement, dans la grande majorit\u00e9 des cas, les m\u00e9dias ne les leur r\u00e9clament pas.<\/p>\n<p>Ces informations indispensables que les autorit\u00e9s ne communiquent pas de mani\u00e8re proactive, ce sont par exemple l\u2019\u00e9volution du taux de l\u00e9talit\u00e9 (case fatality rate ou CFR), les crit\u00e8res en fonction desquelles les tests sont men\u00e9s ou encore la base sur laquelle les d\u00e9c\u00e8s sont attribu\u00e9s \u00e0 COVID-19 (suffit-il qu\u2019un patient qui d\u00e9c\u00e8de en \u00e9tant porteur de l\u2019infection \u00e0 coronavirus pour dire qu\u2019il est d\u00e9c\u00e9d\u00e9 \u00ab\u00e0 cause de COVID\u201319\u00bb ou d\u2019autres crit\u00e8res sont-ils appliqu\u00e9s?). Et malheureusement, \u00e0 notre connaissance, pratiquement aucun journaliste ne leur a r\u00e9clam\u00e9es.<\/p>\n<p>En lieu et place, l\u2019Office f\u00e9d\u00e9ral de la sant\u00e9 publique (OFSP) et la grande majorit\u00e9 des m\u00e9dias continuent \u00e0 pr\u00e9senter syst\u00e9matiquement en premier le nombre cumul\u00e9 de cas identifi\u00e9s et le nombre cumul\u00e9 de d\u00e9c\u00e8s, ce qui renforce jour apr\u00e8s jour chez le public l\u2019impression infond\u00e9e d\u2019une \u00e9pid\u00e9mie qui se r\u00e9pand comme une tra\u00een\u00e9e de poudre et ravage notre pays.<\/p>\n\n\t\t<style type=\"text\/css\">\n\t\t\t#gallery-1 {\n\t\t\t\tmargin: auto;\n\t\t\t}\n\t\t\t#gallery-1 .gallery-item {\n\t\t\t\tfloat: left;\n\t\t\t\tmargin-top: 10px;\n\t\t\t\ttext-align: center;\n\t\t\t\twidth: 33%;\n\t\t\t}\n\t\t\t#gallery-1 img {\n\t\t\t\tborder: 2px solid #cfcfcf;\n\t\t\t}\n\t\t\t#gallery-1 .gallery-caption {\n\t\t\t\tmargin-left: 0;\n\t\t\t}\n\t\t\t\/* see gallery_shortcode() in wp-includes\/media.php *\/\n\t\t<\/style>\n\t\t<div id='gallery-1' class='gallery galleryid-14610 gallery-columns-3 gallery-size-large'><dl class='gallery-item'>\n\t\t\t<dt class='gallery-icon landscape'>\n\t\t\t\t<a href='https:\/\/www.re-check.ch\/wp-content\/uploads\/2020\/04\/Liberte_2020-04-04.png'><img loading=\"lazy\" decoding=\"async\" width=\"715\" height=\"606\" src=\"https:\/\/www.re-check.ch\/wp-content\/uploads\/2020\/04\/Liberte_2020-04-04.png\" class=\"attachment-large size-large\" alt=\"\" srcset=\"https:\/\/www.re-check.ch\/wp-content\/uploads\/2020\/04\/Liberte_2020-04-04.png 715w, https:\/\/www.re-check.ch\/wp-content\/uploads\/2020\/04\/Liberte_2020-04-04-300x254.png 300w, https:\/\/www.re-check.ch\/wp-content\/uploads\/2020\/04\/Liberte_2020-04-04-200x170.png 200w, https:\/\/www.re-check.ch\/wp-content\/uploads\/2020\/04\/Liberte_2020-04-04-400x339.png 400w, https:\/\/www.re-check.ch\/wp-content\/uploads\/2020\/04\/Liberte_2020-04-04-600x509.png 600w\" sizes=\"(max-width: 715px) 100vw, 715px\" \/><\/a>\n\t\t\t<\/dt><\/dl><dl class='gallery-item'>\n\t\t\t<dt class='gallery-icon landscape'>\n\t\t\t\t<a href='https:\/\/www.re-check.ch\/wp-content\/uploads\/2020\/04\/RTS_2020-04-04.png'><img loading=\"lazy\" decoding=\"async\" width=\"613\" height=\"497\" src=\"https:\/\/www.re-check.ch\/wp-content\/uploads\/2020\/04\/RTS_2020-04-04.png\" class=\"attachment-large size-large\" alt=\"\" srcset=\"https:\/\/www.re-check.ch\/wp-content\/uploads\/2020\/04\/RTS_2020-04-04.png 613w, https:\/\/www.re-check.ch\/wp-content\/uploads\/2020\/04\/RTS_2020-04-04-300x243.png 300w, https:\/\/www.re-check.ch\/wp-content\/uploads\/2020\/04\/RTS_2020-04-04-200x162.png 200w, https:\/\/www.re-check.ch\/wp-content\/uploads\/2020\/04\/RTS_2020-04-04-400x324.png 400w, https:\/\/www.re-check.ch\/wp-content\/uploads\/2020\/04\/RTS_2020-04-04-600x486.png 600w\" sizes=\"(max-width: 613px) 100vw, 613px\" \/><\/a>\n\t\t\t<\/dt><\/dl><dl class='gallery-item'>\n\t\t\t<dt class='gallery-icon landscape'>\n\t\t\t\t<a href='https:\/\/www.re-check.ch\/wp-content\/uploads\/2020\/04\/RTS-Italie.png'><img loading=\"lazy\" decoding=\"async\" width=\"931\" height=\"677\" src=\"https:\/\/www.re-check.ch\/wp-content\/uploads\/2020\/04\/RTS-Italie.png\" class=\"attachment-large size-large\" alt=\"\" srcset=\"https:\/\/www.re-check.ch\/wp-content\/uploads\/2020\/04\/RTS-Italie.png 931w, https:\/\/www.re-check.ch\/wp-content\/uploads\/2020\/04\/RTS-Italie-300x218.png 300w, https:\/\/www.re-check.ch\/wp-content\/uploads\/2020\/04\/RTS-Italie-768x558.png 768w, https:\/\/www.re-check.ch\/wp-content\/uploads\/2020\/04\/RTS-Italie-200x145.png 200w, https:\/\/www.re-check.ch\/wp-content\/uploads\/2020\/04\/RTS-Italie-400x291.png 400w, https:\/\/www.re-check.ch\/wp-content\/uploads\/2020\/04\/RTS-Italie-600x436.png 600w, https:\/\/www.re-check.ch\/wp-content\/uploads\/2020\/04\/RTS-Italie-800x582.png 800w\" sizes=\"(max-width: 931px) 100vw, 931px\" \/><\/a>\n\t\t\t<\/dt><\/dl><br style=\"clear: both\" \/><dl class='gallery-item'>\n\t\t\t<dt class='gallery-icon landscape'>\n\t\t\t\t<a href='https:\/\/www.re-check.ch\/wp-content\/uploads\/2020\/04\/SRF01_2020-04-04.png'><img loading=\"lazy\" decoding=\"async\" width=\"585\" height=\"510\" src=\"https:\/\/www.re-check.ch\/wp-content\/uploads\/2020\/04\/SRF01_2020-04-04.png\" class=\"attachment-large size-large\" alt=\"\" srcset=\"https:\/\/www.re-check.ch\/wp-content\/uploads\/2020\/04\/SRF01_2020-04-04.png 585w, https:\/\/www.re-check.ch\/wp-content\/uploads\/2020\/04\/SRF01_2020-04-04-300x262.png 300w, https:\/\/www.re-check.ch\/wp-content\/uploads\/2020\/04\/SRF01_2020-04-04-200x174.png 200w, https:\/\/www.re-check.ch\/wp-content\/uploads\/2020\/04\/SRF01_2020-04-04-400x349.png 400w\" sizes=\"(max-width: 585px) 100vw, 585px\" \/><\/a>\n\t\t\t<\/dt><\/dl><dl class='gallery-item'>\n\t\t\t<dt class='gallery-icon portrait'>\n\t\t\t\t<a href='https:\/\/www.re-check.ch\/wp-content\/uploads\/2020\/04\/NZZ_2020-04-04.png'><img loading=\"lazy\" decoding=\"async\" width=\"695\" height=\"696\" src=\"https:\/\/www.re-check.ch\/wp-content\/uploads\/2020\/04\/NZZ_2020-04-04.png\" class=\"attachment-large size-large\" alt=\"\" srcset=\"https:\/\/www.re-check.ch\/wp-content\/uploads\/2020\/04\/NZZ_2020-04-04.png 695w, https:\/\/www.re-check.ch\/wp-content\/uploads\/2020\/04\/NZZ_2020-04-04-150x150.png 150w, https:\/\/www.re-check.ch\/wp-content\/uploads\/2020\/04\/NZZ_2020-04-04-300x300.png 300w, https:\/\/www.re-check.ch\/wp-content\/uploads\/2020\/04\/NZZ_2020-04-04-66x66.png 66w, https:\/\/www.re-check.ch\/wp-content\/uploads\/2020\/04\/NZZ_2020-04-04-200x200.png 200w, https:\/\/www.re-check.ch\/wp-content\/uploads\/2020\/04\/NZZ_2020-04-04-400x401.png 400w, https:\/\/www.re-check.ch\/wp-content\/uploads\/2020\/04\/NZZ_2020-04-04-600x601.png 600w\" sizes=\"(max-width: 695px) 100vw, 695px\" \/><\/a>\n\t\t\t<\/dt><\/dl><dl class='gallery-item'>\n\t\t\t<dt class='gallery-icon landscape'>\n\t\t\t\t<a href='https:\/\/www.re-check.ch\/wp-content\/uploads\/2020\/04\/SRF-02_2020-04-04.png'><img loading=\"lazy\" decoding=\"async\" width=\"744\" height=\"561\" src=\"https:\/\/www.re-check.ch\/wp-content\/uploads\/2020\/04\/SRF-02_2020-04-04.png\" class=\"attachment-large size-large\" alt=\"\" srcset=\"https:\/\/www.re-check.ch\/wp-content\/uploads\/2020\/04\/SRF-02_2020-04-04.png 744w, https:\/\/www.re-check.ch\/wp-content\/uploads\/2020\/04\/SRF-02_2020-04-04-300x226.png 300w, https:\/\/www.re-check.ch\/wp-content\/uploads\/2020\/04\/SRF-02_2020-04-04-200x151.png 200w, https:\/\/www.re-check.ch\/wp-content\/uploads\/2020\/04\/SRF-02_2020-04-04-400x302.png 400w, https:\/\/www.re-check.ch\/wp-content\/uploads\/2020\/04\/SRF-02_2020-04-04-600x452.png 600w\" sizes=\"(max-width: 744px) 100vw, 744px\" \/><\/a>\n\t\t\t<\/dt><\/dl><br style=\"clear: both\" \/>\n\t\t<\/div>\n\n<p>Impression infond\u00e9e car, \u00e0 ce jour, les mod\u00e8les qui pr\u00e9voyaient une \u00e9volution dramatique susceptible de mettre en p\u00e9ril nos infrastructures de sant\u00e9 se sont av\u00e9r\u00e9s erron\u00e9s: nos unit\u00e9s de soins intensifs ne sont pas d\u00e9bord\u00e9es, au contraire, elles ont m\u00eame suffisamment de capacit\u00e9s pour accueillir plusieurs dizaines de patients venus de France. Et m\u00eame en Italie, une analyse plus attentive r\u00e9v\u00e8le que la situation extr\u00eamement difficile que connaissent la Lombardie et, dans une moindre mesure, l\u2019Emilie-Romagne semble rester <a href=\"https:\/\/www.epicentro.iss.it\/coronavirus\/bollettino\/Report-COVID\u20132019_30_marzo_eng.pdf\" target=\"_blank\" rel=\"noopener noreferrer\">circonscrite<\/a> \u00e0 cette zone g\u00e9ographique, aucune autre r\u00e9gion n\u2019a connu d\u2019\u00e9volution similaire.<\/p>\n<p><a href=\"https:\/\/www.re-check.ch\/wp-content\/uploads\/2020\/04\/24H_2020-04-04-1.png\"><img loading=\"lazy\" decoding=\"async\" class=\"wp-image-14622 size-full alignnone\" src=\"https:\/\/www.re-check.ch\/wp-content\/uploads\/2020\/04\/24H_2020-04-04-1.png\" alt=\"\" width=\"1016\" height=\"471\" srcset=\"https:\/\/www.re-check.ch\/wp-content\/uploads\/2020\/04\/24H_2020-04-04-1.png 1016w, https:\/\/www.re-check.ch\/wp-content\/uploads\/2020\/04\/24H_2020-04-04-1-300x139.png 300w, https:\/\/www.re-check.ch\/wp-content\/uploads\/2020\/04\/24H_2020-04-04-1-768x356.png 768w, https:\/\/www.re-check.ch\/wp-content\/uploads\/2020\/04\/24H_2020-04-04-1-200x93.png 200w, https:\/\/www.re-check.ch\/wp-content\/uploads\/2020\/04\/24H_2020-04-04-1-400x185.png 400w, https:\/\/www.re-check.ch\/wp-content\/uploads\/2020\/04\/24H_2020-04-04-1-600x278.png 600w, https:\/\/www.re-check.ch\/wp-content\/uploads\/2020\/04\/24H_2020-04-04-1-800x371.png 800w\" sizes=\"(max-width: 1016px) 100vw, 1016px\" \/><\/a><\/p>\n<p>La capacit\u00e9 manifeste des h\u00f4pitaux suisses \u00e0 mobiliser rapidement les ressources n\u00e9cessaires pour absorber une \u00e9ventuelle flamb\u00e9e de cas graves et la singularit\u00e9 du drame lombard qui ne s\u2019\u00e9tend pas au reste de l\u2019Italie sont des nouvelles rassurantes. Elles repr\u00e9sentent aussi des informations tr\u00e8s importantes qui devraient \u00eatre davantage mises en avant et trait\u00e9es pour \u00e9clairer les d\u00e9cisions actuelles et futures en mati\u00e8re de politique de sant\u00e9 publique et de restrictions impos\u00e9es \u00e0 la population.<\/p>\n<p>Malheureusement, ces aspects sont r\u00e9guli\u00e8rement \u00e9clips\u00e9s au profit de propos angoissants. Deux exemples illustrent bien cette tendance: lors du point de presse du 19 mars \u00e0 Berne, <a href=\"https:\/\/youtu.be\/8OHE_161lrQ?t=1942\" target=\"_blank\" rel=\"noopener noreferrer\">les autorit\u00e9s f\u00e9d\u00e9rales n\u2019ont pas h\u00e9sit\u00e9 pas \u00e0 qualifier de \u00abdramatique\u00bb<\/a> la situation dans le canton du Tessin sans fournir de chiffres \u00e9tayant cette affirmation. Et le 28 mars, <a href=\"https:\/\/youtu.be\/3xc62D4GttI?t=55\" target=\"_blank\" rel=\"noopener noreferrer\">l\u2019OFSP a d\u00e9crit comme \u00ab\u00e9norme\u00bb<\/a> le chiffre de 280 personnes sous respiration artificielle en Suisse &#8211; sans \u00eatre pour autant <a href=\"https:\/\/youtu.be\/3xc62D4GttI?t=2940\" target=\"_blank\" rel=\"noopener noreferrer\">en mesure de fournir<\/a> une indication sur ce que serait la \u00abnormale\u00bb dans le domaine. Les m\u00e9dias n\u2019ont pas insist\u00e9 pour que les propos soient pr\u00e9cis\u00e9s; dans le second cas, le journaliste s\u2019est m\u00eame excus\u00e9 d\u2019avoir pos\u00e9 la question et aucun de ses coll\u00e8gues pr\u00e9sents n\u2019a bronch\u00e9.<\/p>\n<p>Dans le m\u00eame esprit, le conseiller f\u00e9d\u00e9ral Alain Berset a pu affirmer que \u00abla crise\u00bb allait\u00a0\u00abdurer jusqu\u2019en mai\u00bb sans que le m\u00e9dia qui l\u2019interviewait <a href=\"https:\/\/www.infosperber.ch\/Artikel\/Medien\/Die-Krise-sei-sicher-nicht-vor-Mitte-Mai-ausgestanden\" target=\"_blank\" rel=\"noopener noreferrer\">ne lui demande d\u2019expliquer<\/a> ce qu\u2019il entendait concr\u00e8tement par-l\u00e0, et sans que les m\u00e9dias qui l\u2019ont cit\u00e9 par la suite ne jugent n\u00e9cessaire de chercher \u00e0 en apprendre davantage.<\/p>\n<p>Nous sommes enfin tr\u00e8s pr\u00e9occup\u00e9es par certains indices qui sugg\u00e8rent qu\u2019il existe un contr\u00f4le de l\u2019information par le gouvernement, voire que la censure est \u00e0 l\u2019\u0153uvre. Commentant les r\u00e9sultats interm\u00e9diaires d\u2019une enqu\u00eate qu\u2019il m\u00e8ne actuellement sur le sujet aupr\u00e8s des journalistes, l\u2019association de journalistes Impressum relevait avec inqui\u00e9tude dans sa newsletter du 1er avril :<\/p>\n<p>\u00abSur les 118 personnes qui ont r\u00e9pondu, certaines relatent l\u2019interdiction d\u2019acc\u00e8s de photoreporters sur des terrains publics allant parfois jusqu\u2019\u00e0 la censure par la police. Il ne s\u2019agit pas de cas isol\u00e9s \u2013 un tiers des r\u00e9pondants ont d\u00e9j\u00e0 \u00e9t\u00e9 emp\u00each\u00e9s dans leur travail journalistique. Certaines autorit\u00e9s de gestion de crise cantonales s\u2019efforcent vraisemblablement de contr\u00f4ler toute l\u2019information publi\u00e9e.\u00bb<\/p>\n<p>Dans une situation aussi confuse et tendue que celle que vit la Suisse aujourd\u2019hui, il est essentiel que les m\u00e9dias assument pleinement leur fonction: en refusant de se laisser intimider et de c\u00e9der \u00e0 l\u2019autocensure, en demandant des comptes aux autorit\u00e9s, et mettant tout en \u0153uvre pour fournir aux citoyens des informations v\u00e9ritablement pertinentes qui leur permettent de comprendre les tenants et les aboutissants de la situation actuelle.<\/p>\n<p><span style=\"color: #3f6168;\"><em>Catherine Riva et Serena Tinari sont toutes deux des journalistes d\u2019enqu\u00eate sp\u00e9cialis\u00e9es dans l\u2019investigation des sujets de sant\u00e9 et dans l\u2019enseignement de m\u00e9thodes d\u2019enqu\u00eate dans ce domaine. En 2015, elles ont fond\u00e9 Re-Check, une organisation ind\u00e9pendante sp\u00e9cialis\u00e9e dans l\u2019enqu\u00eate et le mappage des affaires de sant\u00e9 (www.re-check.ch, @RecheckHealth).<\/em><br \/>\n<\/span><\/p>\n<p><em>Ce texte para\u00eet \u00e9galement aujourd&rsquo;hui dans l&rsquo;Antipresse.<\/em><\/p>\n","protected":false},"excerpt":{"rendered":"<p>par Catherine Riva, Serena Tinari \u2013 Re-Check.ch Nous observons avec pr\u00e9occupation que la couverture m\u00e9diatique actuelle de l\u2019\u00e9pid\u00e9mie de coronavirus est avant tout anxiog\u00e8ne et \u00e9motionnelle. Cela tient au moins \u00e0 deux facteurs: d\u2019un c\u00f4t\u00e9, \u00e0 une pr\u00e9sentation des chiffres qui ne permet pas de se faire une id\u00e9e aussi r\u00e9aliste que possible de la<a class=\"excerpt-read-more\" href=\"https:\/\/www.re-check.ch\/fr\/medias-suisses-covid-19\/\" title=\"ReadM\u00e9dias suisses et coronavirus: cesser de nourrir la peur\">&#8230; Read more &raquo;<\/a><\/p>\n","protected":false},"author":1,"featured_media":14643,"comment_status":"closed","ping_status":"open","sticky":false,"template":"","format":"standard","meta":{"_acf_changed":false,"footnotes":""},"categories":[200,103,162],"tags":[],"class_list":["post-14610","post","type-post","status-publish","format-standard","has-post-thumbnail","hentry","category-covid-19","category-methodologie-methodology-fr","category-risque-risk"],"acf":[],"_links":{"self":[{"href":"https:\/\/www.re-check.ch\/fr\/wp-json\/wp\/v2\/posts\/14610"}],"collection":[{"href":"https:\/\/www.re-check.ch\/fr\/wp-json\/wp\/v2\/posts"}],"about":[{"href":"https:\/\/www.re-check.ch\/fr\/wp-json\/wp\/v2\/types\/post"}],"author":[{"embeddable":true,"href":"https:\/\/www.re-check.ch\/fr\/wp-json\/wp\/v2\/users\/1"}],"replies":[{"embeddable":true,"href":"https:\/\/www.re-check.ch\/fr\/wp-json\/wp\/v2\/comments?post=14610"}],"version-history":[{"count":22,"href":"https:\/\/www.re-check.ch\/fr\/wp-json\/wp\/v2\/posts\/14610\/revisions"}],"predecessor-version":[{"id":19851,"href":"https:\/\/www.re-check.ch\/fr\/wp-json\/wp\/v2\/posts\/14610\/revisions\/19851"}],"wp:featuredmedia":[{"embeddable":true,"href":"https:\/\/www.re-check.ch\/fr\/wp-json\/wp\/v2\/media\/14643"}],"wp:attachment":[{"href":"https:\/\/www.re-check.ch\/fr\/wp-json\/wp\/v2\/media?parent=14610"}],"wp:term":[{"taxonomy":"category","embeddable":true,"href":"https:\/\/www.re-check.ch\/fr\/wp-json\/wp\/v2\/categories?post=14610"},{"taxonomy":"post_tag","embeddable":true,"href":"https:\/\/www.re-check.ch\/fr\/wp-json\/wp\/v2\/tags?post=14610"}],"curies":[{"name":"wp","href":"https:\/\/api.w.org\/{rel}","templated":true}]}}